{"id":3911,"date":"2025-03-31T08:07:27","date_gmt":"2025-03-31T06:07:27","guid":{"rendered":"https:\/\/lespaniersdecha.fr\/?p=3911"},"modified":"2025-05-08T10:07:49","modified_gmt":"2025-05-08T08:07:49","slug":"fabrication-dun-panier-rond-asymetrique-avec-la-anse-en-bois","status":"publish","type":"post","link":"https:\/\/lespaniersdecha.fr\/index.php\/2025\/03\/31\/fabrication-dun-panier-rond-asymetrique-avec-la-anse-en-bois\/","title":{"rendered":"Fabrication d\u2019un panier rond asym\u00e9trique, anse en bois"},"content":{"rendered":"\n<p>Venez faire votre propre panier, apprendre toutes les <strong>techniques de base d\u2019un vrai panier rond<\/strong>, en fond sur crois\u00e9.<\/p>\n\n\n\n<p>Un m\u00e9lange d\u2019osier brut et d\u2019osier blanc vous sera propos\u00e9 afin de le cr\u00e9e \u00e0 votre go\u00fbt. Vous apprendrez le tri et le trempage de l\u2019osier afin d\u2019apprendre de A \u00e0 Z la fabrication du panier rond. Pour ce stage la finition du panier sera <strong>asym\u00e9trique <\/strong>avec une<strong> anse en bois.<\/strong><\/p>\n\n\n\n<p>Vous pouvez venir avec votre propre b\u00e2ton de bois si vous le souhaitez.<\/p>\n\n\n\n<p>Le stage se d\u00e9roule en <strong>petit groupe<\/strong>, de 4 \u00e0 6 personnes, dans une ambiance conviviale et chaleureuse.<\/p>\n\n\n\n<p>Cela permets de vous suivre correctement et corriger vos gestes tout au long du stage.<\/p>\n\n\n\n<p>Tout <strong>le mat\u00e9riel n\u00e9cessaire est fourni<\/strong>, n\u00e9anmoins, pour plus de confort, vous pouvez apporter un tablier. Et si vous voulez travailler avec votre propre couteau, vous pouvez amener un couteau type Opinel ou Laguiole (ou petite serpette).<\/p>\n\n\n\n<p>Le stage se d\u00e9roule de 9h \u00e0 17-18h, pause 1h, repas tir\u00e9 du sac<\/p>\n\n\n\n<p><strong>200\u20ac, <\/strong>50\u20ac d\u2019accompte<\/p>\n\n\n\n<p>Atelier adulte<\/p>\n\n\n\n<p>L\u2019acompte sera gard\u00e9 si vous annulez le stage moins de 8 jours avant la date de l\u2019atelier.<\/p>\n\n\n\n<p>Vous pouvez retrouvez toutes les dates de stage \u00e0 la rubrique <a href=\"https:\/\/lespaniersdecha.fr\/index.php\/agenda\/\">\u00ab\u00a0Agenda\u00a0\u00bb<\/a>, ou demandez moi pour vous inscrire \u00e0 ma newsletter mensuelle, vous recevrez ainsi les dates de stage en avant premi\u00e8re!<\/p>\n\n\n\n<p><strong>R\u00e9servation via le formulaire contact<\/strong> en bas de la page ou par t\u00e9l\u00e9phone, 07 81 54 38 81<\/p>\n\n\n\n<p>R\u00e9servation valid\u00e9e \u00e0 r\u00e9ception du ch\u00e8que d\u2019acompte, \u00e0 l\u2019ordre de Charl\u00e8ne Lejeune, \u00e0 envoyer au 6 rue du parc 25480 Ecole-Valentin.<\/p>\n\n\n\n<p>Au plaisir de vous rencontrer et de vous transmettre ma passion de la vannerie&nbsp;!!<\/p>\n\n\n\n<p>Contactez moi pour plus d\u2019informations !!!<\/p>\n\n\n\n<figure class=\"wp-block-image size-large\"><img decoding=\"async\" src=\"http:\/\/lespaniersdecha.fr\/wp-content\/uploads\/2025\/03\/panier-rond-stage-asymetrique-anse-en-bois-576x1024.jpg\" alt=\"panier rond stage asym\u00e9trique anse en bois\" class=\"wp-image-3912\"\/><figcaption class=\"wp-element-caption\">panier rond stage asym\u00e9trique anse en bois<\/figcaption><\/figure>\n","protected":false},"excerpt":{"rendered":"<p>Venez faire votre propre panier, apprendre toutes les techniques de base d\u2019un vrai panier rond, en fond sur crois\u00e9. Un m\u00e9lange d\u2019osier brut et d\u2019osier blanc vous sera propos\u00e9 afin de le cr\u00e9e \u00e0 votre go\u00fbt. Vous apprendrez le tri et le trempage de l\u2019osier afin d\u2019apprendre de A \u00e0 Z la fabrication du panier [&hellip;]<\/p>\n","protected":false},"author":1,"featured_media":0,"comment_status":"closed","ping_status":"closed","sticky":false,"template":"","format":"standard","meta":{"site-sidebar-layout":"default","site-content-layout":"","ast-site-content-layout":"","site-content-style":"default","site-sidebar-style":"default","ast-global-header-display":"","ast-banner-title-visibility":"","ast-main-header-display":"","ast-hfb-above-header-display":"","ast-hfb-below-header-display":"","ast-hfb-mobile-header-display":"","site-post-title":"","ast-breadcrumbs-content":"","ast-featured-img":"","footer-sml-layout":"","theme-transparent-header-meta":"","adv-header-id-meta":"","stick-header-meta":"","header-above-stick-meta":"","header-main-stick-meta":"","header-below-stick-meta":"","astra-migrate-meta-layouts":"default","ast-page-background-enabled":"default","ast-page-background-meta":{"desktop":{"background-color":"var(--ast-global-color-4)","background-image":"","background-repeat":"repeat","background-position":"center center","background-size":"auto","background-attachment":"scroll","background-type":"","background-media":"","overlay-type":"","overlay-color":"","overlay-opacity":"","overlay-gradient":""},"tablet":{"background-color":"","background-image":"","background-repeat":"repeat","background-position":"center center","background-size":"auto","background-attachment":"scroll","background-type":"","background-media":"","overlay-type":"","overlay-color":"","overlay-opacity":"","overlay-gradient":""},"mobile":{"background-color":"","background-image":"","background-repeat":"repeat","background-position":"center center","background-size":"auto","background-attachment":"scroll","background-type":"","background-media":"","overlay-type":"","overlay-color":"","overlay-opacity":"","overlay-gradient":""}},"ast-content-background-meta":{"desktop":{"background-color":"var(--ast-global-color-5)","background-image":"","background-repeat":"repeat","background-position":"center center","background-size":"auto","background-attachment":"scroll","background-type":"","background-media":"","overlay-type":"","overlay-color":"","overlay-opacity":"","overlay-gradient":""},"tablet":{"background-color":"var(--ast-global-color-5)","background-image":"","background-repeat":"repeat","background-position":"center center","background-size":"auto","background-attachment":"scroll","background-type":"","background-media":"","overlay-type":"","overlay-color":"","overlay-opacity":"","overlay-gradient":""},"mobile":{"background-color":"var(--ast-global-color-5)","background-image":"","background-repeat":"repeat","background-position":"center center","background-size":"auto","background-attachment":"scroll","background-type":"","background-media":"","overlay-type":"","overlay-color":"","overlay-opacity":"","overlay-gradient":""}},"_jetpack_memberships_contains_paid_content":false,"footnotes":""},"categories":[9],"tags":[],"class_list":["post-3911","post","type-post","status-publish","format-standard","hentry","category-actualites"],"yoast_head":"<!-- This site is optimized with the Yoast SEO plugin v23.3 - https:\/\/yoast.com\/wordpress\/plugins\/seo\/ -->\n<title>Fabrication d\u2019un panier rond asym\u00e9trique, anse en bois - Les Paniers de Cha<\/title>\n<meta name=\"robots\" content=\"index, follow, max-snippet:-1, max-image-preview:large, max-video-preview:-1\" \/>\n<link rel=\"canonical\" href=\"https:\/\/lespaniersdecha.fr\/index.php\/2025\/03\/31\/fabrication-dun-panier-rond-asymetrique-avec-la-anse-en-bois\/\" \/>\n<meta property=\"og:locale\" content=\"fr_FR\" \/>\n<meta property=\"og:type\" content=\"article\" \/>\n<meta property=\"og:title\" content=\"Fabrication d\u2019un panier rond asym\u00e9trique, anse en bois - Les Paniers de Cha\" \/>\n<meta property=\"og:description\" content=\"Venez faire votre propre panier, apprendre toutes les techniques de base d\u2019un vrai panier rond, en fond sur crois\u00e9. Un m\u00e9lange d\u2019osier brut et d\u2019osier blanc vous sera propos\u00e9 afin de le cr\u00e9e \u00e0 votre go\u00fbt. Vous apprendrez le tri et le trempage de l\u2019osier afin d\u2019apprendre de A \u00e0 Z la fabrication du panier [&hellip;]\" \/>\n<meta property=\"og:url\" content=\"https:\/\/lespaniersdecha.fr\/index.php\/2025\/03\/31\/fabrication-dun-panier-rond-asymetrique-avec-la-anse-en-bois\/\" \/>\n<meta property=\"og:site_name\" content=\"Les Paniers de Cha\" \/>\n<meta property=\"article:publisher\" content=\"https:\/\/www.facebook.com\/p\/Les-Paniers-de-Cha-100063830760896\/\" \/>\n<meta property=\"article:published_time\" content=\"2025-03-31T06:07:27+00:00\" \/>\n<meta property=\"article:modified_time\" content=\"2025-05-08T08:07:49+00:00\" \/>\n<meta property=\"og:image\" content=\"http:\/\/lespaniersdecha.fr\/wp-content\/uploads\/2025\/03\/panier-rond-stage-asymetrique-anse-en-bois-576x1024.jpg\" \/>\n<meta name=\"author\" content=\"Charl\u00e8ne\" \/>\n<meta name=\"twitter:card\" content=\"summary_large_image\" \/>\n<meta name=\"twitter:label1\" content=\"\u00c9crit par\" \/>\n\t<meta name=\"twitter:data1\" content=\"Charl\u00e8ne\" \/>\n\t<meta name=\"twitter:label2\" content=\"Dur\u00e9e de lecture estim\u00e9e\" \/>\n\t<meta name=\"twitter:data2\" content=\"2 minutes\" \/>\n<script type=\"application\/ld+json\" class=\"yoast-schema-graph\">{\"@context\":\"https:\/\/schema.org\",\"@graph\":[{\"@type\":\"WebPage\",\"@id\":\"https:\/\/lespaniersdecha.fr\/index.php\/2025\/03\/31\/fabrication-dun-panier-rond-asymetrique-avec-la-anse-en-bois\/\",\"url\":\"https:\/\/lespaniersdecha.fr\/index.php\/2025\/03\/31\/fabrication-dun-panier-rond-asymetrique-avec-la-anse-en-bois\/\",\"name\":\"Fabrication d\u2019un panier rond asym\u00e9trique, anse en bois - Les Paniers de Cha\",\"isPartOf\":{\"@id\":\"https:\/\/lespaniersdecha.fr\/#website\"},\"primaryImageOfPage\":{\"@id\":\"https:\/\/lespaniersdecha.fr\/index.php\/2025\/03\/31\/fabrication-dun-panier-rond-asymetrique-avec-la-anse-en-bois\/#primaryimage\"},\"image\":{\"@id\":\"https:\/\/lespaniersdecha.fr\/index.php\/2025\/03\/31\/fabrication-dun-panier-rond-asymetrique-avec-la-anse-en-bois\/#primaryimage\"},\"thumbnailUrl\":\"http:\/\/lespaniersdecha.fr\/wp-content\/uploads\/2025\/03\/panier-rond-stage-asymetrique-anse-en-bois-576x1024.jpg\",\"datePublished\":\"2025-03-31T06:07:27+00:00\",\"dateModified\":\"2025-05-08T08:07:49+00:00\",\"author\":{\"@id\":\"https:\/\/lespaniersdecha.fr\/#\/schema\/person\/c4091889436ad70e76e8e910e6ded6c8\"},\"breadcrumb\":{\"@id\":\"https:\/\/lespaniersdecha.fr\/index.php\/2025\/03\/31\/fabrication-dun-panier-rond-asymetrique-avec-la-anse-en-bois\/#breadcrumb\"},\"inLanguage\":\"fr-FR\",\"potentialAction\":[{\"@type\":\"ReadAction\",\"target\":[\"https:\/\/lespaniersdecha.fr\/index.php\/2025\/03\/31\/fabrication-dun-panier-rond-asymetrique-avec-la-anse-en-bois\/\"]}]},{\"@type\":\"ImageObject\",\"inLanguage\":\"fr-FR\",\"@id\":\"https:\/\/lespaniersdecha.fr\/index.php\/2025\/03\/31\/fabrication-dun-panier-rond-asymetrique-avec-la-anse-en-bois\/#primaryimage\",\"url\":\"https:\/\/lespaniersdecha.fr\/wp-content\/uploads\/2025\/03\/panier-rond-stage-asymetrique-anse-en-bois-e1746689523674.jpg\",\"contentUrl\":\"https:\/\/lespaniersdecha.fr\/wp-content\/uploads\/2025\/03\/panier-rond-stage-asymetrique-anse-en-bois-e1746689523674.jpg\",\"width\":1080,\"height\":1237,\"caption\":\"panier rond stage asym\u00e9trique anse en bois\"},{\"@type\":\"BreadcrumbList\",\"@id\":\"https:\/\/lespaniersdecha.fr\/index.php\/2025\/03\/31\/fabrication-dun-panier-rond-asymetrique-avec-la-anse-en-bois\/#breadcrumb\",\"itemListElement\":[{\"@type\":\"ListItem\",\"position\":1,\"name\":\"Accueil\",\"item\":\"https:\/\/lespaniersdecha.fr\/\"},{\"@type\":\"ListItem\",\"position\":2,\"name\":\"Fabrication d\u2019un panier rond asym\u00e9trique, anse en bois\"}]},{\"@type\":\"WebSite\",\"@id\":\"https:\/\/lespaniersdecha.fr\/#website\",\"url\":\"https:\/\/lespaniersdecha.fr\/\",\"name\":\"Les Paniers de Cha\",\"description\":\"Les Paniers de Cha - vannerie artisanale, traditionnelle et contemporaine, stage et ateliers\",\"potentialAction\":[{\"@type\":\"SearchAction\",\"target\":{\"@type\":\"EntryPoint\",\"urlTemplate\":\"https:\/\/lespaniersdecha.fr\/?s={search_term_string}\"},\"query-input\":\"required name=search_term_string\"}],\"inLanguage\":\"fr-FR\"},{\"@type\":\"Person\",\"@id\":\"https:\/\/lespaniersdecha.fr\/#\/schema\/person\/c4091889436ad70e76e8e910e6ded6c8\",\"name\":\"Charl\u00e8ne\",\"image\":{\"@type\":\"ImageObject\",\"inLanguage\":\"fr-FR\",\"@id\":\"https:\/\/lespaniersdecha.fr\/#\/schema\/person\/image\/\",\"url\":\"https:\/\/secure.gravatar.com\/avatar\/edc0242e4588e5ce4978e0b02094d95de67658ba8b4379227a4cf0556da16f65?s=96&d=mm&r=g\",\"contentUrl\":\"https:\/\/secure.gravatar.com\/avatar\/edc0242e4588e5ce4978e0b02094d95de67658ba8b4379227a4cf0556da16f65?s=96&d=mm&r=g\",\"caption\":\"Charl\u00e8ne\"},\"sameAs\":[\"http:\/\/lespaniersdecha.fr\"],\"url\":\"https:\/\/lespaniersdecha.fr\/index.php\/author\/admin4034\/\"}]}<\/script>\n<!-- \/ Yoast SEO plugin. -->","yoast_head_json":{"title":"Fabrication d\u2019un panier rond asym\u00e9trique, anse en bois - Les Paniers de Cha","robots":{"index":"index","follow":"follow","max-snippet":"max-snippet:-1","max-image-preview":"max-image-preview:large","max-video-preview":"max-video-preview:-1"},"canonical":"https:\/\/lespaniersdecha.fr\/index.php\/2025\/03\/31\/fabrication-dun-panier-rond-asymetrique-avec-la-anse-en-bois\/","og_locale":"fr_FR","og_type":"article","og_title":"Fabrication d\u2019un panier rond asym\u00e9trique, anse en bois - Les Paniers de Cha","og_description":"Venez faire votre propre panier, apprendre toutes les techniques de base d\u2019un vrai panier rond, en fond sur crois\u00e9. Un m\u00e9lange d\u2019osier brut et d\u2019osier blanc vous sera propos\u00e9 afin de le cr\u00e9e \u00e0 votre go\u00fbt. Vous apprendrez le tri et le trempage de l\u2019osier afin d\u2019apprendre de A \u00e0 Z la fabrication du panier [&hellip;]","og_url":"https:\/\/lespaniersdecha.fr\/index.php\/2025\/03\/31\/fabrication-dun-panier-rond-asymetrique-avec-la-anse-en-bois\/","og_site_name":"Les Paniers de Cha","article_publisher":"https:\/\/www.facebook.com\/p\/Les-Paniers-de-Cha-100063830760896\/","article_published_time":"2025-03-31T06:07:27+00:00","article_modified_time":"2025-05-08T08:07:49+00:00","og_image":[{"url":"http:\/\/lespaniersdecha.fr\/wp-content\/uploads\/2025\/03\/panier-rond-stage-asymetrique-anse-en-bois-576x1024.jpg"}],"author":"Charl\u00e8ne","twitter_card":"summary_large_image","twitter_misc":{"\u00c9crit par":"Charl\u00e8ne","Dur\u00e9e de lecture estim\u00e9e":"2 minutes"},"schema":{"@context":"https:\/\/schema.org","@graph":[{"@type":"WebPage","@id":"https:\/\/lespaniersdecha.fr\/index.php\/2025\/03\/31\/fabrication-dun-panier-rond-asymetrique-avec-la-anse-en-bois\/","url":"https:\/\/lespaniersdecha.fr\/index.php\/2025\/03\/31\/fabrication-dun-panier-rond-asymetrique-avec-la-anse-en-bois\/","name":"Fabrication d\u2019un panier rond asym\u00e9trique, anse en bois - Les Paniers de Cha","isPartOf":{"@id":"https:\/\/lespaniersdecha.fr\/#website"},"primaryImageOfPage":{"@id":"https:\/\/lespaniersdecha.fr\/index.php\/2025\/03\/31\/fabrication-dun-panier-rond-asymetrique-avec-la-anse-en-bois\/#primaryimage"},"image":{"@id":"https:\/\/lespaniersdecha.fr\/index.php\/2025\/03\/31\/fabrication-dun-panier-rond-asymetrique-avec-la-anse-en-bois\/#primaryimage"},"thumbnailUrl":"http:\/\/lespaniersdecha.fr\/wp-content\/uploads\/2025\/03\/panier-rond-stage-asymetrique-anse-en-bois-576x1024.jpg","datePublished":"2025-03-31T06:07:27+00:00","dateModified":"2025-05-08T08:07:49+00:00","author":{"@id":"https:\/\/lespaniersdecha.fr\/#\/schema\/person\/c4091889436ad70e76e8e910e6ded6c8"},"breadcrumb":{"@id":"https:\/\/lespaniersdecha.fr\/index.php\/2025\/03\/31\/fabrication-dun-panier-rond-asymetrique-avec-la-anse-en-bois\/#breadcrumb"},"inLanguage":"fr-FR","potentialAction":[{"@type":"ReadAction","target":["https:\/\/lespaniersdecha.fr\/index.php\/2025\/03\/31\/fabrication-dun-panier-rond-asymetrique-avec-la-anse-en-bois\/"]}]},{"@type":"ImageObject","inLanguage":"fr-FR","@id":"https:\/\/lespaniersdecha.fr\/index.php\/2025\/03\/31\/fabrication-dun-panier-rond-asymetrique-avec-la-anse-en-bois\/#primaryimage","url":"https:\/\/lespaniersdecha.fr\/wp-content\/uploads\/2025\/03\/panier-rond-stage-asymetrique-anse-en-bois-e1746689523674.jpg","contentUrl":"https:\/\/lespaniersdecha.fr\/wp-content\/uploads\/2025\/03\/panier-rond-stage-asymetrique-anse-en-bois-e1746689523674.jpg","width":1080,"height":1237,"caption":"panier rond stage asym\u00e9trique anse en bois"},{"@type":"BreadcrumbList","@id":"https:\/\/lespaniersdecha.fr\/index.php\/2025\/03\/31\/fabrication-dun-panier-rond-asymetrique-avec-la-anse-en-bois\/#breadcrumb","itemListElement":[{"@type":"ListItem","position":1,"name":"Accueil","item":"https:\/\/lespaniersdecha.fr\/"},{"@type":"ListItem","position":2,"name":"Fabrication d\u2019un panier rond asym\u00e9trique, anse en bois"}]},{"@type":"WebSite","@id":"https:\/\/lespaniersdecha.fr\/#website","url":"https:\/\/lespaniersdecha.fr\/","name":"Les Paniers de Cha","description":"Les Paniers de Cha - vannerie artisanale, traditionnelle et contemporaine, stage et ateliers","potentialAction":[{"@type":"SearchAction","target":{"@type":"EntryPoint","urlTemplate":"https:\/\/lespaniersdecha.fr\/?s={search_term_string}"},"query-input":"required name=search_term_string"}],"inLanguage":"fr-FR"},{"@type":"Person","@id":"https:\/\/lespaniersdecha.fr\/#\/schema\/person\/c4091889436ad70e76e8e910e6ded6c8","name":"Charl\u00e8ne","image":{"@type":"ImageObject","inLanguage":"fr-FR","@id":"https:\/\/lespaniersdecha.fr\/#\/schema\/person\/image\/","url":"https:\/\/secure.gravatar.com\/avatar\/edc0242e4588e5ce4978e0b02094d95de67658ba8b4379227a4cf0556da16f65?s=96&d=mm&r=g","contentUrl":"https:\/\/secure.gravatar.com\/avatar\/edc0242e4588e5ce4978e0b02094d95de67658ba8b4379227a4cf0556da16f65?s=96&d=mm&r=g","caption":"Charl\u00e8ne"},"sameAs":["http:\/\/lespaniersdecha.fr"],"url":"https:\/\/lespaniersdecha.fr\/index.php\/author\/admin4034\/"}]}},"jetpack_featured_media_url":"","jetpack_sharing_enabled":true,"_links":{"self":[{"href":"https:\/\/lespaniersdecha.fr\/index.php\/wp-json\/wp\/v2\/posts\/3911","targetHints":{"allow":["GET"]}}],"collection":[{"href":"https:\/\/lespaniersdecha.fr\/index.php\/wp-json\/wp\/v2\/posts"}],"about":[{"href":"https:\/\/lespaniersdecha.fr\/index.php\/wp-json\/wp\/v2\/types\/post"}],"author":[{"embeddable":true,"href":"https:\/\/lespaniersdecha.fr\/index.php\/wp-json\/wp\/v2\/users\/1"}],"replies":[{"embeddable":true,"href":"https:\/\/lespaniersdecha.fr\/index.php\/wp-json\/wp\/v2\/comments?post=3911"}],"version-history":[{"count":2,"href":"https:\/\/lespaniersdecha.fr\/index.php\/wp-json\/wp\/v2\/posts\/3911\/revisions"}],"predecessor-version":[{"id":4034,"href":"https:\/\/lespaniersdecha.fr\/index.php\/wp-json\/wp\/v2\/posts\/3911\/revisions\/4034"}],"wp:attachment":[{"href":"https:\/\/lespaniersdecha.fr\/index.php\/wp-json\/wp\/v2\/media?parent=3911"}],"wp:term":[{"taxonomy":"category","embeddable":true,"href":"https:\/\/lespaniersdecha.fr\/index.php\/wp-json\/wp\/v2\/categories?post=3911"},{"taxonomy":"post_tag","embeddable":true,"href":"https:\/\/lespaniersdecha.fr\/index.php\/wp-json\/wp\/v2\/tags?post=3911"}],"curies":[{"name":"wp","href":"https:\/\/api.w.org\/{rel}","templated":true}]}}