{"id":1977,"date":"2024-07-10T15:49:27","date_gmt":"2024-07-10T13:49:27","guid":{"rendered":"https:\/\/lespaniersdecha.fr\/?p=1977"},"modified":"2024-07-22T21:50:27","modified_gmt":"2024-07-22T19:50:27","slug":"de-nouveaux-stages-a-la-rentree","status":"publish","type":"post","link":"https:\/\/lespaniersdecha.fr\/index.php\/2024\/07\/10\/de-nouveaux-stages-a-la-rentree\/","title":{"rendered":"De nouveaux stages \u00e0 la rentr\u00e9e !"},"content":{"rendered":"<p>Je suis ravie de vous annoncer l&rsquo;ouverture de nouveaux stages de vannerie pour la rentr\u00e9e ! Que vous soyez d\u00e9butant ou exp\u00e9riment\u00e9, ces ateliers sont con\u00e7us pour r\u00e9pondre \u00e0 vos besoins et vous permettre de d\u00e9velopper vos comp\u00e9tences dans une ambiance conviviale et chaleureuse.<\/p>\n<p>Ces stages se d\u00e9rouleront en petits groupes, garantissant une attention personnalis\u00e9e et une progression \u00e0 votre rythme. Vous aurez l&rsquo;occasion d&rsquo;apprendre et de perfectionner diverses techniques de vannerie.<\/p>\n<p>Tout le mat\u00e9riel n\u00e9cessaire est fourni, et aucune exp\u00e9rience pr\u00e9alable n&rsquo;est requise pour participer. Rejoignez-nous pour une exp\u00e9rience cr\u00e9ative et enrichissante, et repartez avec vos propres cr\u00e9ations faites main.<\/p>\n<p>Pour plus d&rsquo;informations ou pour vous inscrire, n&rsquo;h\u00e9sitez pas \u00e0 me contacter. J&rsquo;ai h\u00e2te de partager cette passion avec vous \u00e0 la rentr\u00e9e !<\/p>\n<p>Vous aurez toutes les informations tr\u00e8s prochainement, courant ao\u00f9t&#8230;<\/p>\n","protected":false},"excerpt":{"rendered":"<p>Je suis ravie de vous annoncer l&rsquo;ouverture de nouveaux stages de vannerie pour la rentr\u00e9e ! Que vous soyez d\u00e9butant ou exp\u00e9riment\u00e9, ces ateliers sont con\u00e7us pour r\u00e9pondre \u00e0 vos besoins et vous permettre de d\u00e9velopper vos comp\u00e9tences dans une ambiance conviviale et chaleureuse. Ces stages se d\u00e9rouleront en petits groupes, garantissant une attention personnalis\u00e9e [&hellip;]<\/p>\n","protected":false},"author":1,"featured_media":0,"comment_status":"closed","ping_status":"closed","sticky":false,"template":"","format":"standard","meta":{"site-sidebar-layout":"default","site-content-layout":"","ast-site-content-layout":"","site-content-style":"default","site-sidebar-style":"default","ast-global-header-display":"","ast-banner-title-visibility":"","ast-main-header-display":"","ast-hfb-above-header-display":"","ast-hfb-below-header-display":"","ast-hfb-mobile-header-display":"","site-post-title":"","ast-breadcrumbs-content":"","ast-featured-img":"","footer-sml-layout":"","theme-transparent-header-meta":"","adv-header-id-meta":"","stick-header-meta":"","header-above-stick-meta":"","header-main-stick-meta":"","header-below-stick-meta":"","astra-migrate-meta-layouts":"default","ast-page-background-enabled":"default","ast-page-background-meta":{"desktop":{"background-color":"var(--ast-global-color-4)","background-image":"","background-repeat":"repeat","background-position":"center center","background-size":"auto","background-attachment":"scroll","background-type":"","background-media":"","overlay-type":"","overlay-color":"","overlay-opacity":"","overlay-gradient":""},"tablet":{"background-color":"","background-image":"","background-repeat":"repeat","background-position":"center center","background-size":"auto","background-attachment":"scroll","background-type":"","background-media":"","overlay-type":"","overlay-color":"","overlay-opacity":"","overlay-gradient":""},"mobile":{"background-color":"","background-image":"","background-repeat":"repeat","background-position":"center center","background-size":"auto","background-attachment":"scroll","background-type":"","background-media":"","overlay-type":"","overlay-color":"","overlay-opacity":"","overlay-gradient":""}},"ast-content-background-meta":{"desktop":{"background-color":"var(--ast-global-color-5)","background-image":"","background-repeat":"repeat","background-position":"center center","background-size":"auto","background-attachment":"scroll","background-type":"","background-media":"","overlay-type":"","overlay-color":"","overlay-opacity":"","overlay-gradient":""},"tablet":{"background-color":"var(--ast-global-color-5)","background-image":"","background-repeat":"repeat","background-position":"center center","background-size":"auto","background-attachment":"scroll","background-type":"","background-media":"","overlay-type":"","overlay-color":"","overlay-opacity":"","overlay-gradient":""},"mobile":{"background-color":"var(--ast-global-color-5)","background-image":"","background-repeat":"repeat","background-position":"center center","background-size":"auto","background-attachment":"scroll","background-type":"","background-media":"","overlay-type":"","overlay-color":"","overlay-opacity":"","overlay-gradient":""}},"_jetpack_memberships_contains_paid_content":false,"footnotes":""},"categories":[9],"tags":[],"class_list":["post-1977","post","type-post","status-publish","format-standard","hentry","category-actualites"],"yoast_head":"<!-- This site is optimized with the Yoast SEO plugin v23.3 - https:\/\/yoast.com\/wordpress\/plugins\/seo\/ -->\n<title>De nouveaux stages \u00e0 la rentr\u00e9e ! - Les Paniers de Cha<\/title>\n<meta name=\"robots\" content=\"index, follow, max-snippet:-1, max-image-preview:large, max-video-preview:-1\" \/>\n<link rel=\"canonical\" href=\"https:\/\/lespaniersdecha.fr\/index.php\/2024\/07\/10\/de-nouveaux-stages-a-la-rentree\/\" \/>\n<meta property=\"og:locale\" content=\"fr_FR\" \/>\n<meta property=\"og:type\" content=\"article\" \/>\n<meta property=\"og:title\" content=\"De nouveaux stages \u00e0 la rentr\u00e9e ! - Les Paniers de Cha\" \/>\n<meta property=\"og:description\" content=\"Je suis ravie de vous annoncer l&rsquo;ouverture de nouveaux stages de vannerie pour la rentr\u00e9e ! Que vous soyez d\u00e9butant ou exp\u00e9riment\u00e9, ces ateliers sont con\u00e7us pour r\u00e9pondre \u00e0 vos besoins et vous permettre de d\u00e9velopper vos comp\u00e9tences dans une ambiance conviviale et chaleureuse. Ces stages se d\u00e9rouleront en petits groupes, garantissant une attention personnalis\u00e9e [&hellip;]\" \/>\n<meta property=\"og:url\" content=\"https:\/\/lespaniersdecha.fr\/index.php\/2024\/07\/10\/de-nouveaux-stages-a-la-rentree\/\" \/>\n<meta property=\"og:site_name\" content=\"Les Paniers de Cha\" \/>\n<meta property=\"article:publisher\" content=\"https:\/\/www.facebook.com\/p\/Les-Paniers-de-Cha-100063830760896\/\" \/>\n<meta property=\"article:published_time\" content=\"2024-07-10T13:49:27+00:00\" \/>\n<meta property=\"article:modified_time\" content=\"2024-07-22T19:50:27+00:00\" \/>\n<meta name=\"author\" content=\"Charl\u00e8ne\" \/>\n<meta name=\"twitter:card\" content=\"summary_large_image\" \/>\n<meta name=\"twitter:label1\" content=\"\u00c9crit par\" \/>\n\t<meta name=\"twitter:data1\" content=\"Charl\u00e8ne\" \/>\n\t<meta name=\"twitter:label2\" content=\"Dur\u00e9e de lecture estim\u00e9e\" \/>\n\t<meta name=\"twitter:data2\" content=\"1 minute\" \/>\n<script type=\"application\/ld+json\" class=\"yoast-schema-graph\">{\"@context\":\"https:\/\/schema.org\",\"@graph\":[{\"@type\":\"WebPage\",\"@id\":\"https:\/\/lespaniersdecha.fr\/index.php\/2024\/07\/10\/de-nouveaux-stages-a-la-rentree\/\",\"url\":\"https:\/\/lespaniersdecha.fr\/index.php\/2024\/07\/10\/de-nouveaux-stages-a-la-rentree\/\",\"name\":\"De nouveaux stages \u00e0 la rentr\u00e9e ! - Les Paniers de Cha\",\"isPartOf\":{\"@id\":\"https:\/\/lespaniersdecha.fr\/#website\"},\"datePublished\":\"2024-07-10T13:49:27+00:00\",\"dateModified\":\"2024-07-22T19:50:27+00:00\",\"author\":{\"@id\":\"https:\/\/lespaniersdecha.fr\/#\/schema\/person\/c4091889436ad70e76e8e910e6ded6c8\"},\"breadcrumb\":{\"@id\":\"https:\/\/lespaniersdecha.fr\/index.php\/2024\/07\/10\/de-nouveaux-stages-a-la-rentree\/#breadcrumb\"},\"inLanguage\":\"fr-FR\",\"potentialAction\":[{\"@type\":\"ReadAction\",\"target\":[\"https:\/\/lespaniersdecha.fr\/index.php\/2024\/07\/10\/de-nouveaux-stages-a-la-rentree\/\"]}]},{\"@type\":\"BreadcrumbList\",\"@id\":\"https:\/\/lespaniersdecha.fr\/index.php\/2024\/07\/10\/de-nouveaux-stages-a-la-rentree\/#breadcrumb\",\"itemListElement\":[{\"@type\":\"ListItem\",\"position\":1,\"name\":\"Accueil\",\"item\":\"https:\/\/lespaniersdecha.fr\/\"},{\"@type\":\"ListItem\",\"position\":2,\"name\":\"De nouveaux stages \u00e0 la rentr\u00e9e !\"}]},{\"@type\":\"WebSite\",\"@id\":\"https:\/\/lespaniersdecha.fr\/#website\",\"url\":\"https:\/\/lespaniersdecha.fr\/\",\"name\":\"Les Paniers de Cha\",\"description\":\"Les Paniers de Cha - vannerie artisanale, traditionnelle et contemporaine, stage et ateliers\",\"potentialAction\":[{\"@type\":\"SearchAction\",\"target\":{\"@type\":\"EntryPoint\",\"urlTemplate\":\"https:\/\/lespaniersdecha.fr\/?s={search_term_string}\"},\"query-input\":\"required name=search_term_string\"}],\"inLanguage\":\"fr-FR\"},{\"@type\":\"Person\",\"@id\":\"https:\/\/lespaniersdecha.fr\/#\/schema\/person\/c4091889436ad70e76e8e910e6ded6c8\",\"name\":\"Charl\u00e8ne\",\"image\":{\"@type\":\"ImageObject\",\"inLanguage\":\"fr-FR\",\"@id\":\"https:\/\/lespaniersdecha.fr\/#\/schema\/person\/image\/\",\"url\":\"https:\/\/secure.gravatar.com\/avatar\/edc0242e4588e5ce4978e0b02094d95de67658ba8b4379227a4cf0556da16f65?s=96&d=mm&r=g\",\"contentUrl\":\"https:\/\/secure.gravatar.com\/avatar\/edc0242e4588e5ce4978e0b02094d95de67658ba8b4379227a4cf0556da16f65?s=96&d=mm&r=g\",\"caption\":\"Charl\u00e8ne\"},\"sameAs\":[\"http:\/\/lespaniersdecha.fr\"],\"url\":\"https:\/\/lespaniersdecha.fr\/index.php\/author\/admin4034\/\"}]}<\/script>\n<!-- \/ Yoast SEO plugin. -->","yoast_head_json":{"title":"De nouveaux stages \u00e0 la rentr\u00e9e ! - Les Paniers de Cha","robots":{"index":"index","follow":"follow","max-snippet":"max-snippet:-1","max-image-preview":"max-image-preview:large","max-video-preview":"max-video-preview:-1"},"canonical":"https:\/\/lespaniersdecha.fr\/index.php\/2024\/07\/10\/de-nouveaux-stages-a-la-rentree\/","og_locale":"fr_FR","og_type":"article","og_title":"De nouveaux stages \u00e0 la rentr\u00e9e ! - Les Paniers de Cha","og_description":"Je suis ravie de vous annoncer l&rsquo;ouverture de nouveaux stages de vannerie pour la rentr\u00e9e ! Que vous soyez d\u00e9butant ou exp\u00e9riment\u00e9, ces ateliers sont con\u00e7us pour r\u00e9pondre \u00e0 vos besoins et vous permettre de d\u00e9velopper vos comp\u00e9tences dans une ambiance conviviale et chaleureuse. Ces stages se d\u00e9rouleront en petits groupes, garantissant une attention personnalis\u00e9e [&hellip;]","og_url":"https:\/\/lespaniersdecha.fr\/index.php\/2024\/07\/10\/de-nouveaux-stages-a-la-rentree\/","og_site_name":"Les Paniers de Cha","article_publisher":"https:\/\/www.facebook.com\/p\/Les-Paniers-de-Cha-100063830760896\/","article_published_time":"2024-07-10T13:49:27+00:00","article_modified_time":"2024-07-22T19:50:27+00:00","author":"Charl\u00e8ne","twitter_card":"summary_large_image","twitter_misc":{"\u00c9crit par":"Charl\u00e8ne","Dur\u00e9e de lecture estim\u00e9e":"1 minute"},"schema":{"@context":"https:\/\/schema.org","@graph":[{"@type":"WebPage","@id":"https:\/\/lespaniersdecha.fr\/index.php\/2024\/07\/10\/de-nouveaux-stages-a-la-rentree\/","url":"https:\/\/lespaniersdecha.fr\/index.php\/2024\/07\/10\/de-nouveaux-stages-a-la-rentree\/","name":"De nouveaux stages \u00e0 la rentr\u00e9e ! - Les Paniers de Cha","isPartOf":{"@id":"https:\/\/lespaniersdecha.fr\/#website"},"datePublished":"2024-07-10T13:49:27+00:00","dateModified":"2024-07-22T19:50:27+00:00","author":{"@id":"https:\/\/lespaniersdecha.fr\/#\/schema\/person\/c4091889436ad70e76e8e910e6ded6c8"},"breadcrumb":{"@id":"https:\/\/lespaniersdecha.fr\/index.php\/2024\/07\/10\/de-nouveaux-stages-a-la-rentree\/#breadcrumb"},"inLanguage":"fr-FR","potentialAction":[{"@type":"ReadAction","target":["https:\/\/lespaniersdecha.fr\/index.php\/2024\/07\/10\/de-nouveaux-stages-a-la-rentree\/"]}]},{"@type":"BreadcrumbList","@id":"https:\/\/lespaniersdecha.fr\/index.php\/2024\/07\/10\/de-nouveaux-stages-a-la-rentree\/#breadcrumb","itemListElement":[{"@type":"ListItem","position":1,"name":"Accueil","item":"https:\/\/lespaniersdecha.fr\/"},{"@type":"ListItem","position":2,"name":"De nouveaux stages \u00e0 la rentr\u00e9e !"}]},{"@type":"WebSite","@id":"https:\/\/lespaniersdecha.fr\/#website","url":"https:\/\/lespaniersdecha.fr\/","name":"Les Paniers de Cha","description":"Les Paniers de Cha - vannerie artisanale, traditionnelle et contemporaine, stage et ateliers","potentialAction":[{"@type":"SearchAction","target":{"@type":"EntryPoint","urlTemplate":"https:\/\/lespaniersdecha.fr\/?s={search_term_string}"},"query-input":"required name=search_term_string"}],"inLanguage":"fr-FR"},{"@type":"Person","@id":"https:\/\/lespaniersdecha.fr\/#\/schema\/person\/c4091889436ad70e76e8e910e6ded6c8","name":"Charl\u00e8ne","image":{"@type":"ImageObject","inLanguage":"fr-FR","@id":"https:\/\/lespaniersdecha.fr\/#\/schema\/person\/image\/","url":"https:\/\/secure.gravatar.com\/avatar\/edc0242e4588e5ce4978e0b02094d95de67658ba8b4379227a4cf0556da16f65?s=96&d=mm&r=g","contentUrl":"https:\/\/secure.gravatar.com\/avatar\/edc0242e4588e5ce4978e0b02094d95de67658ba8b4379227a4cf0556da16f65?s=96&d=mm&r=g","caption":"Charl\u00e8ne"},"sameAs":["http:\/\/lespaniersdecha.fr"],"url":"https:\/\/lespaniersdecha.fr\/index.php\/author\/admin4034\/"}]}},"jetpack_featured_media_url":"","jetpack_sharing_enabled":true,"_links":{"self":[{"href":"https:\/\/lespaniersdecha.fr\/index.php\/wp-json\/wp\/v2\/posts\/1977","targetHints":{"allow":["GET"]}}],"collection":[{"href":"https:\/\/lespaniersdecha.fr\/index.php\/wp-json\/wp\/v2\/posts"}],"about":[{"href":"https:\/\/lespaniersdecha.fr\/index.php\/wp-json\/wp\/v2\/types\/post"}],"author":[{"embeddable":true,"href":"https:\/\/lespaniersdecha.fr\/index.php\/wp-json\/wp\/v2\/users\/1"}],"replies":[{"embeddable":true,"href":"https:\/\/lespaniersdecha.fr\/index.php\/wp-json\/wp\/v2\/comments?post=1977"}],"version-history":[{"count":11,"href":"https:\/\/lespaniersdecha.fr\/index.php\/wp-json\/wp\/v2\/posts\/1977\/revisions"}],"predecessor-version":[{"id":2709,"href":"https:\/\/lespaniersdecha.fr\/index.php\/wp-json\/wp\/v2\/posts\/1977\/revisions\/2709"}],"wp:attachment":[{"href":"https:\/\/lespaniersdecha.fr\/index.php\/wp-json\/wp\/v2\/media?parent=1977"}],"wp:term":[{"taxonomy":"category","embeddable":true,"href":"https:\/\/lespaniersdecha.fr\/index.php\/wp-json\/wp\/v2\/categories?post=1977"},{"taxonomy":"post_tag","embeddable":true,"href":"https:\/\/lespaniersdecha.fr\/index.php\/wp-json\/wp\/v2\/tags?post=1977"}],"curies":[{"name":"wp","href":"https:\/\/api.w.org\/{rel}","templated":true}]}}